{"id":215,"date":"2021-04-13T11:29:41","date_gmt":"2021-04-13T11:29:41","guid":{"rendered":"https:\/\/manuelpinhoconfined.com\/?p=215"},"modified":"2021-08-01T18:53:40","modified_gmt":"2021-08-01T18:53:40","slug":"9-anos-a-investigar","status":"publish","type":"post","link":"https:\/\/manuelpinhoconfined.com\/pt-pt\/9-anos-a-investigar\/","title":{"rendered":"9 anos (mais de 3000 dias) a investigar"},"content":{"rendered":"\r\n<p><img fetchpriority=\"high\" decoding=\"async\" class=\"wp-image-282 size-medium alignleft\" src=\"https:\/\/manuelpinhoconfined.com\/wp-content\/uploads\/2021\/04\/confinado-cover-192x300.jpg\" alt=\"\" width=\"192\" height=\"300\" srcset=\"https:\/\/manuelpinhoconfined.com\/wp-content\/uploads\/2021\/04\/confinado-cover-192x300.jpg 192w, https:\/\/manuelpinhoconfined.com\/wp-content\/uploads\/2021\/04\/confinado-cover-655x1024.jpg 655w, https:\/\/manuelpinhoconfined.com\/wp-content\/uploads\/2021\/04\/confinado-cover-768x1200.jpg 768w, https:\/\/manuelpinhoconfined.com\/wp-content\/uploads\/2021\/04\/confinado-cover-983x1536.jpg 983w, https:\/\/manuelpinhoconfined.com\/wp-content\/uploads\/2021\/04\/confinado-cover-1311x2048.jpg 1311w, https:\/\/manuelpinhoconfined.com\/wp-content\/uploads\/2021\/04\/confinado-cover.jpg 1600w\" sizes=\"(max-width: 192px) 100vw, 192px\" \/><\/p>\r\n<p><strong><em>A justi\u00e7a do antigo regime era mais s\u00e9ria do que a de agora<\/em><\/strong><\/p>\r\n<p><strong><em>Ant\u00f3nio Barreto<\/em><\/strong><\/p>\r\n<p>&nbsp;<\/p>\r\n<p>&nbsp;<\/p>\r\n<p>&nbsp;<\/p>\r\n<p>&nbsp;<\/p>\r\n<p>&nbsp;<\/p>\r\n<p><span style=\"font-size: 18pt;\"><b>2005- 2007<\/b><\/span><\/p>\r\n<p><strong>Os principais actos sob investiga\u00e7\u00e3o no chamado caso EDP tiveram lugar em 2005-\u00a02007.<\/strong><\/p>\r\n<p><img decoding=\"async\" class=\"wp-image-870 alignright\" src=\"https:\/\/manuelpinhoconfined.com\/wp-content\/uploads\/2020\/08\/esquema-300x138.jpg\" sizes=\"(max-width: 339px) 100vw, 339px\" srcset=\"https:\/\/manuelpinhoconfined.com\/wp-content\/uploads\/2020\/08\/esquema-300x138.jpg 300w, https:\/\/manuelpinhoconfined.com\/wp-content\/uploads\/2020\/08\/esquema.jpg 404w\" alt=\"\" width=\"339\" height=\"156\" \/>Em <strong>2005 (<\/strong>\u00a0<strong>h\u00e1 dezasseis anos)<\/strong>, teria feito um acordo com Ant\u00f3nio Mexia com vista a apoiar a sua nomea\u00e7\u00e3o para a presid\u00eancia da EDP em <strong>2006<\/strong>\u00a0(<strong>h\u00e1 15 anos<\/strong>) e de favorecer em <strong>2007<\/strong>\u00a0(<strong>h\u00e1 14 anos<\/strong>) a empresa nos CMEC e na extens\u00e3o do dom\u00ednio h\u00eddrico a troco de ela imp\u00f4r a minha contrata\u00e7\u00e3o em regime de part time por uma universidade americana.<\/p>\r\n<p>&nbsp;<\/p>\r\n<p><span style=\"font-size: 18pt;\"><strong>2012<\/strong><\/span><\/p>\r\n<p>A investiga\u00e7\u00e3o come\u00e7ou em <strong>2012<\/strong>, portanto h\u00e1 mais de nove anos, na sequencia de <strong>den\u00fancias ao Minist\u00e9rio P\u00fablico<\/strong> sobre supostos favorecimentos \u00e0 EDP. Nove anos \u00e9 tempo suficiente para escrever n\u00e3o uma, mas t<strong>r\u00eas teses de doutoramento.<\/strong><\/p>\r\n<p>Tal ocorreu sensivelmente na altura em que:<\/p>\r\n<ul>\r\n<li>O \u00a0ent\u00e3o governo anunciou um estudo sobre as chamadas &#8220;rendas excessivas&#8221; feito pela <strong>universidade de Cambridge<\/strong>, mas que afinal n\u00e3o era nada da universidade de Cambridge (foi feito por uma empresa \u00a0de consultores), e<\/li>\r\n<li>Um grupo de cidad\u00e3os tinha\u00a0 apresentou uma <strong>den\u00fancia<\/strong> \u00e0 Comiss\u00e3o Europeia sobre os CMEC e a extens\u00e3o do dom\u00ednio h\u00eddrico, a qual em <strong>2014<\/strong> viria a dar lugar \u00e0 abertura de um <strong>procedimento de investiga\u00e7\u00e3o aprofundada<\/strong>.\u00a0<\/li>\r\n<\/ul>\r\n<p><b>Fui avisado da investiga\u00e7\u00e3o h\u00e1 nove anos mal come\u00e7ou a investiga\u00e7\u00e3o do Minist\u00e9rio P\u00fablico, pelo que se tivesse algo a esconder podia t\u00ea-lo feito. <\/b><\/p>\r\n<p><b>Em que outro pa\u00eds isto se poderia passar?<\/b><\/p>\r\n<p><span style=\"font-size: 18pt;\"><b>2013<\/b><\/span><\/p>\r\n<p>Em <strong>2013<\/strong> fui surpreendido por um contacto de um jornalista de um jornal tabloide que verifiquei estar em posse da minha declara\u00e7\u00e3o de IRS. Solicitei uma averigua\u00e7\u00e3o interna \u00e0 Autoridade Tribut\u00e1ria.<\/p>\r\n<p><strong>Uma inspetora da Autoridade Tribut\u00e1ria comunicou-me a mim e ao ent\u00e3o meu advogado que a averigua\u00e7\u00e3o interna n\u00e3o tinha produzido resultados.<\/strong><\/p>\r\n<p><strong><img decoding=\"async\" class=\"size-medium wp-image-1058 alignleft\" src=\"https:\/\/manuelpinhoconfined.com\/wp-content\/uploads\/2021\/04\/AT-2-300x158.png\" alt=\"\" width=\"300\" height=\"158\" srcset=\"https:\/\/manuelpinhoconfined.com\/wp-content\/uploads\/2021\/04\/AT-2-300x158.png 300w, https:\/\/manuelpinhoconfined.com\/wp-content\/uploads\/2021\/04\/AT-2.png 310w\" sizes=\"(max-width: 300px) 100vw, 300px\" \/>Por\u00e9m, acrescentou que o Minist\u00e9rio P\u00fablico tinha pedido a quebra do meu sigilo fiscal (possivelmente sem autoriza\u00e7\u00e3o de um juiz, o que tem de ser\u00a0averiguado) \u00a0e que devia ter partido de l\u00e1 a entrega da minha informa\u00e7\u00e3o fiscal a um jornal tabloide.<\/strong>\u00a0<\/p>\r\n<p>Como pode imaginar, fic\u00e1mos estupefactos quando nos foi mostrada prova do pedido de quebra do meu sigilo fiscal pelo MP.<\/p>\r\n<p><b><i>From:\u00a0<\/i><\/b><i>S\u00e9rgio Azenha &lt;<\/i><a href=\"mailto:sergioazenha@cmjornal.pt\"><i>sergioazenha@cmjornal.pt<\/i><\/a><i>&gt;<\/i><\/p>\r\n<p><b><i>Subject:\u00a0rendimentos<\/i><\/b><\/p>\r\n<p><b><i>Date:\u00a0<\/i><\/b><i>28 de Agosto de 2013 18h26min32s GMT+00:00<\/i><\/p>\r\n<p><i><br \/><\/i><i>Boa tarde, Dr. Manuel Pinho,<\/i><\/p>\r\n<p><i>\u00a0Na sequ\u00eancia da nossa conversa de ontem, agrade\u00e7o que me envie o contacto do seu advogado, se for poss\u00edvel.<\/i><\/p>\r\n<p><i>\u00a0Tentei falar consigo h\u00e1 pouco, mas n\u00e3o atendeu. Daqui a pouco volto a ligar.<\/i><\/p>\r\n<p><i>\u00a0De qualquer forma, ainda na sequ\u00eancia da nossa conversa de ontem, necessito de esclarecer o seguinte sobre os rendimentos que declarou na Su\u00ed\u00e7a em 2012:<\/i><\/p>\r\n<p><i>\u00a0Na sua declara\u00e7\u00e3o de rendimentos de 2012, constam rendimentos na Su\u00ed\u00e7a no valor de 166 496 euros. Este rendimento aparece nessa declara\u00e7\u00e3o como seguros de investimento.<\/i><\/p>\r\n<p><i>Ontem, o senhor disse-me que n\u00e3o tinha rendimentos na Su\u00ed\u00e7a, mas na sua declara\u00e7\u00e3o de rendimentos de 2012 consta, de facto, aqueles rendimentos existentes na Su\u00ed\u00e7a.<\/i><\/p>\r\n<p><i>Face a esta situa\u00e7\u00e3o, agrade\u00e7o uma resposta, se for poss\u00edvel, \u00e0s seguintes quest\u00f5es:<\/i><\/p>\r\n<ol>\r\n<li><i>Os rendimentos de 166 496 euros s\u00e3o provenientes do exerc\u00edcio de que actividade?<\/i><\/li>\r\n<li><i>Que entidade lhe pagou esse rendimento?<\/i><\/li>\r\n<\/ol>\r\n<p><i>\u00a0J\u00e1 agora:<\/i><\/p>\r\n<p><i>\u00a0Na sua declara\u00e7\u00e3o de rendimentos de 2012, constam tamb\u00e9m rendimentos prediais de 1600 euros.<\/i><\/p>\r\n<p><i>\u00a0\u00a0\u00a0\u00a0\u00a0Por acaso, este rendimento, diz respeito \u00e0s rendas pagas pelo Dr. Manuel Sebasti\u00e3o, a quem o senhor arrendou um apartamento?<\/i><\/p>\r\n<p><i>\u00a0Agrade\u00e7o uma resposta muito urgente a estas quest\u00f5es.<\/i><\/p>\r\n<p><i>\u00a0<\/i><i>Com os melhores cumprimentos,<\/i><\/p>\r\n<p><strong>Em que outro pa\u00eds isto se poderia passar?<br \/><br \/><\/strong><\/p>\r\n<p><span style=\"font-size: 18pt;\"><strong>2016<\/strong><\/span><\/p>\r\n<p><strong>Em 2016 a correspond\u00eancia da minha mulher enviada dos Estados Unidos para Portugal foi violada repetidamente \u00e0 entrada em Portugal antes de chegar aos destinat\u00e1rios.<\/strong><\/p>\r\n<p><img loading=\"lazy\" decoding=\"async\" class=\"alignleft\" src=\"https:\/\/manuelpinhoconfined.com\/wp-content\/uploads\/2020\/08\/mailalexandra-221x300.jpg\" alt=\"\" width=\"164\" height=\"223\" \/><\/p>\r\n<p>Vimo-nos na situa\u00e7\u00e3o algo ins\u00f3lita de ir por mais do que uma vez a uma esta\u00e7\u00e3o de correios de Nova Iorque e enviar dois envelopes iguais cujo conte\u00fado era mera publicidade para duas moradas, uma em Portugal e outra no estrangeiro. Parecia uma cena tirada de uma s\u00e9rie da NETFLIX. O envelope enviado para o estrangeiro chegava ao destinat\u00e1rio intacto. O enviado para Portugal era aberto antes de chegar ao destinat\u00e1rio. Em que outro pa\u00eds isto acontece?<\/p>\r\n<p>Foi apresentada uma queixa- crime, mas foi arquivada.<\/p>\r\n<p><strong>Em que outro pa\u00eds isto se poderia passar?<\/strong><\/p>\r\n<p>&nbsp;<\/p>\r\n<p>&nbsp;<\/p>\r\n<p><span style=\"font-size: 18pt;\"><strong>2017<\/strong><\/span><\/p>\r\n<p><img loading=\"lazy\" decoding=\"async\" class=\"size-medium wp-image-1041 alignleft\" src=\"https:\/\/manuelpinhoconfined.com\/wp-content\/uploads\/2021\/04\/comissao-europeia-300x75.jpg\" alt=\"\" width=\"300\" height=\"75\" srcset=\"https:\/\/manuelpinhoconfined.com\/wp-content\/uploads\/2021\/04\/comissao-europeia-300x75.jpg 300w, https:\/\/manuelpinhoconfined.com\/wp-content\/uploads\/2021\/04\/comissao-europeia.jpg 451w\" sizes=\"(max-width: 300px) 100vw, 300px\" \/>Em <strong>2017<\/strong>, a\u00a0Comiss\u00e3o Europeia tomou a decis\u00e3o de \u00a0<strong>n\u00e3o haver raz\u00e3o para reabrir o dossier dos CMEC. <\/strong><\/p>\r\n<p>No que respeita \u00e0 e<strong>xtens\u00e3o do dom\u00ednio h\u00eddrico<\/strong> decidiu o seguinte:<\/p>\r\n<ul>\r\n<li>A <strong>n\u00e3o realiza\u00e7\u00e3o de um concurso<\/strong>\u00a0\u00e9 justificada por \u00a0uma cl\u00e1usula suspensiva do acordo de cessa\u00e7\u00e3o dos CAE celebrado entre a EDP e a REN e homologado pelo governo de ent\u00e3o <strong>poucos dias antes de eu tomar posse<\/strong>;<\/li>\r\n<li>A metodologia usada pelos bancos que fizeram\u00a0 avalia\u00e7\u00e3o do montante \u00a0a pagar ao estado pela EDP pelo direito de usar durante mais 25 anos (em m\u00e9dia) as suas barragens corresponde \u00e0s <strong>pr\u00e1ticas aceites pelo mercado<\/strong>, enquanto uma avalia\u00e7\u00e3o feita pelos servi\u00e7os da REN <strong>tem erros, para al\u00e9m de ser feita por um parte interessada no negocio <\/strong>(pelo que nunca poderia ser tomada em conta).<\/li>\r\n<\/ul>\r\n<p>Poucos dias depois desta decis\u00e3o ser tomada, s\u00e3o constitu\u00eddos v\u00e1rios arguidos e t\u00eam lugar buscas \u00e0 EDP e REN.<\/p>\r\n<p>Passado cerca de um m\u00eas e meio sou chamado a prestar declara\u00e7\u00f5es, estando apenas presente uma inspetora da pol\u00edcia judici\u00e1ria, os procuradores primaram pela aus\u00eancia.<\/p>\r\n<p><strong>Sou constitu\u00eddo arguido sem me informarem do objeto da investiga\u00e7\u00e3o, nem dos factos apurados.<\/strong><\/p>\r\n<p><img loading=\"lazy\" decoding=\"async\" class=\"size-full wp-image-1008 alignleft\" src=\"https:\/\/manuelpinhoconfined.com\/wp-content\/uploads\/2021\/04\/PJ2017-1.jpg\" alt=\"\" width=\"275\" height=\"183\" \/>A sess\u00e3o resumiu-se ao meu advogado ditar um requerimento de nulidade destinado ao superior hier\u00e1rquico dos procuradores e a uma conversa sobre <strong>provas de remo<\/strong>. Sim, provas de remo. Bem perguntei \u00e0 simp\u00e1tica e corret\u00edssima inspetora qual era o objeto da investiga\u00e7\u00e3o, mas a embara\u00e7ada resposta foi de que tinha <strong>instru\u00e7\u00f5es para n\u00e3o dizer nada.<\/strong><\/p>\r\n<p><img loading=\"lazy\" decoding=\"async\" class=\"alignleft\" src=\"https:\/\/manuelpinhoconfined.com\/wp-content\/uploads\/2020\/08\/comunicadopgr-300x153.jpg\" alt=\"\" width=\"378\" height=\"193\" \/><\/p>\r\n<p>No pr\u00f3prio dia, a agencia Lusa publica que <strong>o Minist\u00e9rio P\u00fablico garantia que me tinha sido dada toda a informa\u00e7\u00e3o<\/strong>, o que se trata de uma atitude que n\u00e3o merece ser qualificada.\u00a0 A culpa s\u00f3 pode ser da telefonista que atendeu os jornalistas da agencia Lusa.<\/p>\r\n<p>O superior hier\u00e1rquico dos procuradores <strong>ter\u00e1 tomado uma decis\u00e3o em poucos dias<\/strong>, por\u00e9m decidiu n\u00e3o a dar a conhecer durante meses, enquanto a minha reputa\u00e7\u00e3o era arrasada na pra\u00e7a p\u00fablica.<\/p>\r\n<p><strong>Em que outro pa\u00eds isto se poderia passar?<\/strong><\/p>\r\n<p><img loading=\"lazy\" decoding=\"async\" class=\"size-full wp-image-1106 alignleft\" src=\"https:\/\/manuelpinhoconfined.com\/wp-content\/uploads\/2021\/04\/ivo-rosa.jpg\" alt=\"\" width=\"275\" height=\"183\" \/>Passados meses de silencio por parte do Minist\u00e9rio P\u00fablico, <strong>e s\u00f3 ent\u00e3o<\/strong>, o meu advogado d\u00e1 conhecimento dos factos ao juiz de instru\u00e7\u00e3o, que declarou nula a minha constitui\u00e7\u00e3o como arguido.<\/p>\r\n<p>&nbsp;<\/p>\r\n<p>&nbsp;<\/p>\r\n<p><span style=\"font-size: 18pt;\"><strong>2018<\/strong><\/span><\/p>\r\n<p><strong>Em 2018, sou chamado uma segunda vez\u00a0 a prestar declara\u00e7\u00f5es, mas a sess\u00e3o nem chega a come\u00e7ar.<\/strong> Os procuradores queriam ouvir-me como arguido sabendo perfeitamente que o juiz de instru\u00e7\u00e3o tinha declarado nula a minha constitui\u00e7\u00e3o como arguido.<\/p>\r\n<p><a href=\"https:\/\/tviplayer.iol.pt\/video\/5b4e37760cf22e5fe073dcce\">https:\/\/tviplayer.iol.pt\/video\/5b4e37760cf22e5fe073dcce<\/a><\/p>\r\n<p><span style=\"font-size: 18pt;\"><strong>2019<\/strong><\/span><\/p>\r\n<p><img loading=\"lazy\" decoding=\"async\" class=\"size-full wp-image-955 alignleft\" src=\"https:\/\/manuelpinhoconfined.com\/wp-content\/uploads\/2020\/08\/2018-pgr.jpg\" alt=\"\" width=\"301\" height=\"170\" \/><\/p>\r\n<p>Em 2019, sou chamado uma terceira vez a prestar declara\u00e7\u00f5es, mandam-me para a pastelaria ao lado tomar um caf\u00e9 at\u00e9 ser decidido que\u00a0 a sess\u00e3o n\u00e3o podia ter lugar.<\/p>\r\n<p>&nbsp;<\/p>\r\n<p>&nbsp;<\/p>\r\n<p>Vale a pena rever este video das minhas declara\u00e7\u00f5es depois de tornar a n\u00e3o ser ouvido. Um ex-ministro dizer \u00e0 porta do DCIAP perante jornalistas incr\u00e9dulos que pretende prestar declara\u00e7\u00f5es e trazer dados novos ao processo, nomeadamente sobre a teia de rela\u00e7\u00f5es entre agentes pol\u00edticos e interesses, sendo o resultado a total indiferen\u00e7a dos investigadores.<\/p>\r\n<p><strong>Em que outro pa\u00eds isto se poderia passar?<\/strong><\/p>\r\n<p><a href=\"https:\/\/sicnoticias.pt\/economia\/2019-09-10-Manuel-Pinho-lamenta-nao-ter-sido-interrogado-no-DCIAP\">lugar.https:\/\/sicnoticias.pt\/economia\/2019-09-10-Manuel-Pinho-lamenta-nao-ter-sido-interrogado-no-DCIAP<\/a><\/p>\r\n<p>A sess\u00e3o teve lugar no dia 10 de Setembro de 2019 pelas 15 horas e, segundo consta do processo, na v\u00e9spera \u00a0os procuradores j\u00e1 tinham tentado promover um interrogat\u00f3rio complementar para as 15:30 junto do juiz de instru\u00e7\u00e3o, no caso uma ju\u00edza (Concei\u00e7\u00e3o Moreno), com base em que eu teria \u201c<strong><em>afirmado publicamente n\u00e3o pretender prestar declara\u00e7\u00f5es\u201d.<\/em><\/strong><\/p>\r\n<p>Importam-se de provar que eu alguma vez tenha dito isso?<\/p>\r\n<p>Os procuradores n\u00e3o me queriam interrogar sobre coisa nenhuma, nem que eu exercesse o meu direito ao contradit\u00f3rio. Apenas queriam impor-me medidas de coa\u00e7\u00e3o. <strong>At\u00e9 admito essa deslealdade para comigo, agora o que parece \u00a0inadmiss\u00edvel \u00e9 faltarem \u00e0 verdade \u00e0 Mm\u00aa ju\u00edza de instru\u00e7\u00e3o e porem isso por escrito no processo. Ou n\u00e3o \u00e9 assim?<\/strong><\/p>\r\n<p><strong>Em que outro pa\u00eds isto se poderia passar?<\/strong><\/p>\r\n<p><strong><span style=\"font-size: 18pt;\">2021<\/span><\/strong><\/p>\r\n<p>Fui chamado pela 4\u00aa vez para prestar declara\u00e7\u00f5es a 30 de Julho, 1484 dias depois da primeira vez em que n\u00e3o me tinham dito nada, nem me tinham deixado prestar declara\u00e7\u00f5es.<\/p>\r\n<p><a href=\"https:\/\/sicnoticias.pt\/pais\/2021-07-30-Manuel-Pinho-critica-demora-da-justica-e-diz-que-nao-e-propria-de-uma-democracia-e26f9a5d\">https:\/\/sicnoticias.pt\/pais\/2021-07-30-Manuel-Pinho-critica-demora-da-justica-e-diz-que-nao-e-propria-de-uma-democracia-e26f9a5d<\/a><\/p>\r\n<p><a href=\"https:\/\/sicnoticias.pt\/pais\/2021-07-30-Manuel-Pinho-desmente-teste-do-MP-que-diz-que-favoreceu-a-EDP-e-o-Grupo-Espirito-Santo-4c094f71\">https:\/\/sicnoticias.pt\/pais\/2021-07-30-Manuel-Pinho-desmente-teste-do-MP-que-diz-que-favoreceu-a-EDP-e-o-Grupo-Espirito-Santo-4c094f71<\/a><\/p>\r\n<p>Infelizmente, o procurador titular do processo n\u00e3o pode estar presente.<\/p>\r\n<p>&nbsp;<\/p>\r\n<p>&nbsp;<\/p>\r\n<p>&nbsp;<\/p>\r\n","protected":false},"excerpt":{"rendered":"<p>Aqui vai o excerto do artigo. Apenas um par\u00e1grafo para resumir o conte\u00fado de que o artigo ir\u00e1 falar.<\/p>\n","protected":false},"author":1,"featured_media":0,"comment_status":"open","ping_status":"open","sticky":false,"template":"","format":"standard","meta":{"ocean_post_layout":"","ocean_both_sidebars_style":"","ocean_both_sidebars_content_width":0,"ocean_both_sidebars_sidebars_width":0,"ocean_sidebar":"0","ocean_second_sidebar":"0","ocean_disable_margins":"enable","ocean_add_body_class":"","ocean_shortcode_before_top_bar":"","ocean_shortcode_after_top_bar":"","ocean_shortcode_before_header":"","ocean_shortcode_after_header":"","ocean_has_shortcode":"","ocean_shortcode_after_title":"","ocean_shortcode_before_footer_widgets":"","ocean_shortcode_after_footer_widgets":"","ocean_shortcode_before_footer_bottom":"","ocean_shortcode_after_footer_bottom":"","ocean_display_top_bar":"default","ocean_display_header":"default","ocean_header_style":"","ocean_center_header_left_menu":"0","ocean_custom_header_template":"0","ocean_custom_logo":0,"ocean_custom_retina_logo":0,"ocean_custom_logo_max_width":0,"ocean_custom_logo_tablet_max_width":0,"ocean_custom_logo_mobile_max_width":0,"ocean_custom_logo_max_height":0,"ocean_custom_logo_tablet_max_height":0,"ocean_custom_logo_mobile_max_height":0,"ocean_header_custom_menu":"0","ocean_menu_typo_font_family":"0","ocean_menu_typo_font_subset":"","ocean_menu_typo_font_size":0,"ocean_menu_typo_font_size_tablet":0,"ocean_menu_typo_font_size_mobile":0,"ocean_menu_typo_font_size_unit":"px","ocean_menu_typo_font_weight":"","ocean_menu_typo_font_weight_tablet":"","ocean_menu_typo_font_weight_mobile":"","ocean_menu_typo_transform":"","ocean_menu_typo_transform_tablet":"","ocean_menu_typo_transform_mobile":"","ocean_menu_typo_line_height":0,"ocean_menu_typo_line_height_tablet":0,"ocean_menu_typo_line_height_mobile":0,"ocean_menu_typo_line_height_unit":"","ocean_menu_typo_spacing":0,"ocean_menu_typo_spacing_tablet":0,"ocean_menu_typo_spacing_mobile":0,"ocean_menu_typo_spacing_unit":"","ocean_menu_link_color":"","ocean_menu_link_color_hover":"","ocean_menu_link_color_active":"","ocean_menu_link_background":"","ocean_menu_link_hover_background":"","ocean_menu_link_active_background":"","ocean_menu_social_links_bg":"","ocean_menu_social_hover_links_bg":"","ocean_menu_social_links_color":"","ocean_menu_social_hover_links_color":"","ocean_disable_title":"default","ocean_disable_heading":"default","ocean_post_title":"","ocean_post_subheading":"","ocean_post_title_style":"","ocean_post_title_background_color":"","ocean_post_title_background":0,"ocean_post_title_bg_image_position":"","ocean_post_title_bg_image_attachment":"","ocean_post_title_bg_image_repeat":"","ocean_post_title_bg_image_size":"","ocean_post_title_height":0,"ocean_post_title_bg_overlay":0.5,"ocean_post_title_bg_overlay_color":"","ocean_disable_breadcrumbs":"default","ocean_breadcrumbs_color":"","ocean_breadcrumbs_separator_color":"","ocean_breadcrumbs_links_color":"","ocean_breadcrumbs_links_hover_color":"","ocean_display_footer_widgets":"default","ocean_display_footer_bottom":"default","ocean_custom_footer_template":"0","footnotes":"","ocean_post_oembed":"","ocean_post_self_hosted_media":"","ocean_post_video_embed":"","ocean_link_format":"","ocean_link_format_target":"self","ocean_quote_format":"","ocean_quote_format_link":"post","ocean_gallery_link_images":"off","ocean_gallery_id":[]},"categories":[10],"tags":[],"_links":{"self":[{"href":"https:\/\/manuelpinhoconfined.com\/pt-pt\/wp-json\/wp\/v2\/posts\/215"}],"collection":[{"href":"https:\/\/manuelpinhoconfined.com\/pt-pt\/wp-json\/wp\/v2\/posts"}],"about":[{"href":"https:\/\/manuelpinhoconfined.com\/pt-pt\/wp-json\/wp\/v2\/types\/post"}],"author":[{"embeddable":true,"href":"https:\/\/manuelpinhoconfined.com\/pt-pt\/wp-json\/wp\/v2\/users\/1"}],"replies":[{"embeddable":true,"href":"https:\/\/manuelpinhoconfined.com\/pt-pt\/wp-json\/wp\/v2\/comments?post=215"}],"version-history":[{"count":5,"href":"https:\/\/manuelpinhoconfined.com\/pt-pt\/wp-json\/wp\/v2\/posts\/215\/revisions"}],"predecessor-version":[{"id":1869,"href":"https:\/\/manuelpinhoconfined.com\/pt-pt\/wp-json\/wp\/v2\/posts\/215\/revisions\/1869"}],"wp:attachment":[{"href":"https:\/\/manuelpinhoconfined.com\/pt-pt\/wp-json\/wp\/v2\/media?parent=215"}],"wp:term":[{"taxonomy":"category","embeddable":true,"href":"https:\/\/manuelpinhoconfined.com\/pt-pt\/wp-json\/wp\/v2\/categories?post=215"},{"taxonomy":"post_tag","embeddable":true,"href":"https:\/\/manuelpinhoconfined.com\/pt-pt\/wp-json\/wp\/v2\/tags?post=215"}],"curies":[{"name":"wp","href":"https:\/\/api.w.org\/{rel}","templated":true}]}}