{"id":231,"date":"2021-04-13T12:14:06","date_gmt":"2021-04-13T12:14:06","guid":{"rendered":"https:\/\/manuelpinhoconfined.com\/?p=231"},"modified":"2021-08-05T07:14:23","modified_gmt":"2021-08-05T07:14:23","slug":"a-energia-e-o-resto","status":"publish","type":"post","link":"https:\/\/manuelpinhoconfined.com\/pt-pt\/a-energia-e-o-resto\/","title":{"rendered":"Yes we can"},"content":{"rendered":"\r\n<p><img fetchpriority=\"high\" decoding=\"async\" class=\"wp-image-282 size-medium alignleft\" src=\"https:\/\/manuelpinhoconfined.com\/wp-content\/uploads\/2021\/04\/confinado-cover-192x300.jpg\" alt=\"\" width=\"192\" height=\"300\" srcset=\"https:\/\/manuelpinhoconfined.com\/wp-content\/uploads\/2021\/04\/confinado-cover-192x300.jpg 192w, https:\/\/manuelpinhoconfined.com\/wp-content\/uploads\/2021\/04\/confinado-cover-655x1024.jpg 655w, https:\/\/manuelpinhoconfined.com\/wp-content\/uploads\/2021\/04\/confinado-cover-768x1200.jpg 768w, https:\/\/manuelpinhoconfined.com\/wp-content\/uploads\/2021\/04\/confinado-cover-983x1536.jpg 983w, https:\/\/manuelpinhoconfined.com\/wp-content\/uploads\/2021\/04\/confinado-cover-1311x2048.jpg 1311w, https:\/\/manuelpinhoconfined.com\/wp-content\/uploads\/2021\/04\/confinado-cover.jpg 1600w\" sizes=\"(max-width: 192px) 100vw, 192px\" \/><\/p>\r\n<p><strong>Foi uma enorme asneira ter aceite exercer um cargo pol\u00edtico.<\/strong><\/p>\r\n<p>N\u00e3o sou pol\u00edtico, n\u00e3o sou, nem nunca fui filiado em nenhum partido pol\u00edtico, n\u00e3o gosto de exposi\u00e7\u00e3o p\u00fablica e tinha uma situa\u00e7\u00e3o profissional invej\u00e1vel que assegurava o meu futuro e dos meus.<\/p>\r\n<p>Comecei por aceitar o desafio de contribuir para uma agenda de centro- esquerda para a economia \u00e0 qual foi dada o nome de Plano Tecnol\u00f3gico e a seguir aceitei integrar o governo como Ministro da Economia.<\/p>\r\n<p>Porqu\u00ea? Porque Portugal tem s\u00e9rios problemas e est\u00e1 a ficar para tr\u00e1s e acredito que tal n\u00e3o \u00e9 um &#8220;triste fado&#8221;. Acredito que \u00e9 poss\u00edvel mudar de rumo sem ser preciso mudar tudo. Mas, para que tal aconte\u00e7a o primeiro passo \u00e9 acabar de uma vez por todas a <strong>indiferen\u00e7a, o encolher de ombros,<\/strong> perante Portugal estar cada vez mais para tr\u00e1s no ranking da UE em termos de rendimento por habitante.<\/p>\r\n<p>N\u00e3o h\u00e1 explica\u00e7\u00e3o plaus\u00edvel para<\/p>\r\n<ul>\r\n<li>Portugal ser um dos pouqu\u00edssimos pa\u00edses da Europa sem tecnologia 5G (apenas Chipre, Malta e a Lituania est\u00e3o na mesma situa\u00e7\u00e3o)<a href=\"https:\/\/www.publico.pt\/2021\/01\/26\/economia\/noticia\/portugal-grupo-paises-europeus-5g-1947496\">https:\/\/www.publico.pt\/2021\/01\/26\/economia\/noticia\/portugal-grupo-paises-europeus-5g-1947496<\/a><\/li>\r\n<li>haver uma enorme falta de computadores para as crian\u00e7as (depois de o pa\u00eds ter sido l\u00edder nesta mat\u00e9ria)<a href=\"https:\/\/www.publico.pt\/2021\/02\/04\/sociedade\/noticia\/alunos-novos-vao-passar-menos-tempo-computador-ensino-distancia-1949374\">https:\/\/www.publico.pt\/2021\/02\/04\/sociedade\/noticia\/alunos-novos-vao-passar-menos-tempo-computador-ensino-distancia-1949374<\/a><\/li>\r\n<li>o pa\u00eds exportar tantos excelentes profissionais da sa\u00fade (que fazem grande falta em Portugal), etc.<\/li>\r\n<\/ul>\r\n<p>H\u00e1 muita gente de valor em Portugal em todas as \u00e1reas, mas <strong>os melhores fogem da pol\u00edtica como o diabo da cruz,<\/strong> deixando a pol\u00edtica apenas para pessoas que, na maioria dos casos, v\u00eam das juventudes partid\u00e1rias ou da administra\u00e7\u00e3o p\u00fablica. N\u00e3o h\u00e1 comentador que n\u00e3o diga como \u00e9 negativo a pol\u00edtica ser uma coutada reservada a pol\u00edticos que precisam da pol\u00edtica para viver.<\/p>\r\n<p><strong>Quem foge da pol\u00edtica tem toda a raz\u00e3o porque \u00a0corre s\u00e9rios riscos.<\/strong> Quem mostra alguma independ\u00eancia e tem ideias pr\u00f3prias \u00a0no exerc\u00edcio de um cargo pol\u00edtico arrisca-se a dar cabo da vida para sempre.\u00a0<\/p>\r\n<p>Em <em><strong>Confinado<\/strong><\/em>\u00a0mostro a diferen\u00e7a existente entre o sector da energia e o resto da economia, que vai mal sem se vislumbrar uma mudan\u00e7a de rumo.<\/p>\r\n<p><strong>N\u00e3o admira porque o crescimento, a competitividade e a produtividade n\u00e3o s\u00e3o de forma alguma uma prioridade.<\/strong><\/p>\r\n<p><strong>Infelizmente, Portugal est\u00e1 a ficar para tr\u00e1s perante a indiferen\u00e7a generalizada, ou quase generalizada.<\/strong><\/p>\r\n<p><span style=\"font-size: 14pt;\"><strong>A ficar para tr\u00e1s<\/strong><\/span><\/p>\r\n<p><img decoding=\"async\" class=\" wp-image-1082 alignright\" src=\"https:\/\/manuelpinhoconfined.com\/wp-content\/uploads\/2021\/04\/divergencia-1-300x180.png\" alt=\"\" width=\"265\" height=\"159\" srcset=\"https:\/\/manuelpinhoconfined.com\/wp-content\/uploads\/2021\/04\/divergencia-1-300x180.png 300w, https:\/\/manuelpinhoconfined.com\/wp-content\/uploads\/2021\/04\/divergencia-1.png 635w\" sizes=\"(max-width: 265px) 100vw, 265px\" \/><\/p>\r\n<p>&nbsp;<\/p>\r\n<p>At\u00e9 aproximadamente o ano de 2000, a economia portuguesa &#8220;convergiu&#8221;, no sentido de o rendimento m\u00e9dio por habitante se ter aproximado da m\u00e9dia da UE.<\/p>\r\n<p>Desde ent\u00e3o, verifica-se o oposto e o resultado \u00e9 <strong>Portugal estar a ficar cada vez mais para tr\u00e1s<\/strong>, apesar de\u00a0vultuosas transfer\u00eancias anuais da UE estimadas em 2.5% do PIB\/ ano pelo Banco de Portugal.<a href=\"https:\/\/www.bportugal.pt\/page\/economia-numa-imagem-1\">https:\/\/www.bportugal.pt\/page\/economia-numa-imagem-1<\/a><\/p>\r\n<p>J\u00e1 h\u00e1 muito poucos \u00a0pa\u00edses da UE em que o rendimento m\u00e9dio por habitante seja inferior ao de Portugal.\u00a0<\/p>\r\n<p><span style=\"font-size: 14pt;\"><strong>Venda de empresas<\/strong><\/span><\/p>\r\n<p><strong><img decoding=\"async\" class=\" wp-image-1134 alignleft\" src=\"https:\/\/manuelpinhoconfined.com\/wp-content\/uploads\/2021\/04\/foto-alunos-300x225.png\" alt=\"\" width=\"238\" height=\"178\" srcset=\"https:\/\/manuelpinhoconfined.com\/wp-content\/uploads\/2021\/04\/foto-alunos-300x225.png 300w, https:\/\/manuelpinhoconfined.com\/wp-content\/uploads\/2021\/04\/foto-alunos-768x576.png 768w, https:\/\/manuelpinhoconfined.com\/wp-content\/uploads\/2021\/04\/foto-alunos.png 886w\" sizes=\"(max-width: 238px) 100vw, 238px\" \/>As grandes empresas com valor estrat\u00e9gico (energia, banca, seguros, telecomunica\u00e7\u00f5es, constru\u00e7\u00e3o, etc,) foram vendidas a investidores estrangeiros de uma forma que n\u00e3o se verifica em nenhum lado. Nem o Luxemburgo foi t\u00e3o longe. A \u00a0diferen\u00e7a com Espanha \u00e9 impressionante. Nos Estados Unidos, seria impens\u00e1vel. \u00a0 Uma vergonha!<\/strong><\/p>\r\n<p>Sempre que referi \u00a0esta situa\u00e7\u00e3o aos meus alunos a sua rea\u00e7\u00e3o foi sempre de incredulidade<strong>.<\/strong><\/p>\r\n<p><span style=\"font-size: 14pt;\"><b>Chocante<\/b><\/span><\/p>\r\n<p><b>O investimento (p\u00fablico e privado) \u00e9 baix\u00edssimo. <\/b>Portugal \u00e9 dos pa\u00edses da UE em que o\u00a0peso do investimento no PIB \u00e9 menor. Porqu\u00ea?<b><img loading=\"lazy\" decoding=\"async\" class=\"size-medium wp-image-1870 aligncenter\" src=\"https:\/\/manuelpinhoconfined.com\/wp-content\/uploads\/2021\/04\/investment-rate-300x219.png\" alt=\"\" width=\"300\" height=\"219\" srcset=\"https:\/\/manuelpinhoconfined.com\/wp-content\/uploads\/2021\/04\/investment-rate-300x219.png 300w, https:\/\/manuelpinhoconfined.com\/wp-content\/uploads\/2021\/04\/investment-rate.png 334w\" sizes=\"(max-width: 300px) 100vw, 300px\" \/><\/b><\/p>\r\n<p>&nbsp;<\/p>\r\n<p>&nbsp;<\/p>\r\n<p><img loading=\"lazy\" decoding=\"async\" class=\"size-medium wp-image-1136 alignleft\" src=\"https:\/\/manuelpinhoconfined.com\/wp-content\/uploads\/2021\/04\/stock-de-capital-2-300x167.png\" alt=\"\" width=\"300\" height=\"167\" srcset=\"https:\/\/manuelpinhoconfined.com\/wp-content\/uploads\/2021\/04\/stock-de-capital-2-300x167.png 300w, https:\/\/manuelpinhoconfined.com\/wp-content\/uploads\/2021\/04\/stock-de-capital-2.png 697w\" sizes=\"(max-width: 300px) 100vw, 300px\" \/><\/p>\r\n<p>&nbsp;<\/p>\r\n<p>Em resultado disto, o <strong>stock de capital (m\u00e1quinas, f\u00e1bricas, etc.) por trabalhador<\/strong> \u00e9 quase metade da m\u00e9dia da UE o que, conjugado com os problemas que v\u00eam de tr\u00e1s de baixa qualifica\u00e7\u00e3o, em m\u00e9dia, da m\u00e3o-se- obra, \u00a0explica a <strong>produtividade<\/strong> ser t\u00e3o baixa em Portugal.<\/p>\r\n<p><strong>Baixa produtividade<\/strong> implica baixos sal\u00e1rios, \u00a0o que, por sua vez, resulta em haver <strong>muita emigra\u00e7\u00e3o para o estrangeiro<\/strong> e <strong>grande\u00a0press\u00e3o para aumentar os gastos sociais.<\/strong><br \/><br \/><\/p>\r\n<p><br \/><img loading=\"lazy\" decoding=\"async\" class=\"size-full wp-image-1908 alignright\" src=\"https:\/\/manuelpinhoconfined.com\/wp-content\/uploads\/2021\/04\/capital-publico.png\" alt=\"\" width=\"294\" height=\"183\" \/><\/p>\r\n<p>A figura ao lado mostra o capital p\u00fablico por trabalhador (hospitais, escolas, pontes, aeroportos, etc.) e mostra uma situa\u00e7\u00e3o verdadeiramente chocante. Sensivelmente desde 2014, ou seja durante a vig\u00eancia de um governo de &#8220;esquerda&#8221;, o stock de capital p\u00fablico est\u00e1 em queda. Porqu\u00ea? Porque <strong>a estrat\u00e9gia de redu\u00e7\u00e3o do d\u00e9ficit or\u00e7amental foi feita em boa medida \u00e0 custa do investimento p\u00fablico!<\/strong><\/p>\r\n<p>&nbsp;<\/p>\r\n<p><strong><span style=\"font-size: 14pt;\">Problemas que se arrastam sem solu\u00e7\u00e3o<\/span><br \/><\/strong><\/p>\r\n<p>\u00a0Por outro lado, os problemas em v\u00e1rios sectores arrastam-se h\u00e1 muitos anos <strong>sem vislumbre de solu\u00e7\u00e3o.<\/strong><\/p>\r\n<p>&nbsp;<\/p>\r\n<p><img loading=\"lazy\" decoding=\"async\" class=\"size-medium wp-image-1086 aligncenter\" src=\"https:\/\/manuelpinhoconfined.com\/wp-content\/uploads\/2021\/04\/problemas-1-300x176.png\" alt=\"\" width=\"300\" height=\"176\" srcset=\"https:\/\/manuelpinhoconfined.com\/wp-content\/uploads\/2021\/04\/problemas-1-300x176.png 300w, https:\/\/manuelpinhoconfined.com\/wp-content\/uploads\/2021\/04\/problemas-1.png 635w\" sizes=\"(max-width: 300px) 100vw, 300px\" \/><\/p>\r\n<p><strong>Exemplos<\/strong><\/p>\r\n<p>O novo aeroporto de Lisboa esteve para ser na Ota, antes de passar ao estatuto de &#8220;<strong>obra fara\u00f3nica<\/strong>&#8220;, a seguir era para ser no Montijo e agora ningu\u00e9m sabe onde ser\u00e1.<\/p>\r\n<p><a href=\"https:\/\/www.rtp.pt\/play\/p4234\/e371893\/pros-e-contras\">https:\/\/www.rtp.pt\/play\/p4234\/e371893\/pros-e-contras<\/a><\/p>\r\n<p><a href=\"https:\/\/www.dn.pt\/opiniao\/opiniao-dn\/anselmo-crespo\/novo-aeroporto-jamais-11864706.html\">htt<\/a><\/p>\r\n<p><img loading=\"lazy\" decoding=\"async\" class=\"size-medium wp-image-1116 alignleft\" src=\"https:\/\/manuelpinhoconfined.com\/wp-content\/uploads\/2021\/04\/durao-barroso-tgv-1-300x60.png\" alt=\"\" width=\"300\" height=\"60\" srcset=\"https:\/\/manuelpinhoconfined.com\/wp-content\/uploads\/2021\/04\/durao-barroso-tgv-1-300x60.png 300w, https:\/\/manuelpinhoconfined.com\/wp-content\/uploads\/2021\/04\/durao-barroso-tgv-1-768x154.png 768w, https:\/\/manuelpinhoconfined.com\/wp-content\/uploads\/2021\/04\/durao-barroso-tgv-1.png 865w\" sizes=\"(max-width: 300px) 100vw, 300px\" \/>H\u00e1 20 anos, <strong>Dur\u00e3o Barroso<\/strong> acordou com o governo de Espanha metas ambiciosas para a constru\u00e7\u00e3o de uma rede de alta velocidade.<\/p>\r\n<p>&nbsp;<\/p>\r\n<p><img loading=\"lazy\" decoding=\"async\" class=\"wp-image-1119 alignleft\" src=\"https:\/\/manuelpinhoconfined.com\/wp-content\/uploads\/2021\/04\/costa-tgv-300x227.png\" alt=\"\" width=\"285\" height=\"216\" srcset=\"https:\/\/manuelpinhoconfined.com\/wp-content\/uploads\/2021\/04\/costa-tgv-300x227.png 300w, https:\/\/manuelpinhoconfined.com\/wp-content\/uploads\/2021\/04\/costa-tgv-768x581.png 768w, https:\/\/manuelpinhoconfined.com\/wp-content\/uploads\/2021\/04\/costa-tgv.png 865w\" sizes=\"(max-width: 285px) 100vw, 285px\" \/>Essas metas foram reduzidas com <strong>S\u00f3crates,<\/strong> o que n\u00e3o o livrou de ser acusado de patrocinar uma <strong>obra fara\u00f3nica.<\/strong> Ainda h\u00e1 pouco tempo, o tema era considerado <strong>tabu.<\/strong> Estava adiado por muito tempo.<\/p>\r\n<p>&nbsp;<\/p>\r\n<p>&nbsp;<\/p>\r\n<p><img loading=\"lazy\" decoding=\"async\" class=\" wp-image-1122 alignleft\" src=\"https:\/\/manuelpinhoconfined.com\/wp-content\/uploads\/2021\/04\/PNS-TGV-300x195.png\" alt=\"\" width=\"351\" height=\"228\" srcset=\"https:\/\/manuelpinhoconfined.com\/wp-content\/uploads\/2021\/04\/PNS-TGV-300x195.png 300w, https:\/\/manuelpinhoconfined.com\/wp-content\/uploads\/2021\/04\/PNS-TGV-768x500.png 768w, https:\/\/manuelpinhoconfined.com\/wp-content\/uploads\/2021\/04\/PNS-TGV.png 865w\" sizes=\"(max-width: 351px) 100vw, 351px\" \/><\/p>\r\n<p>&nbsp;<\/p>\r\n<p><strong>Qual tab\u00fa, qual carapu\u00e7a.<\/strong><\/p>\r\n<p>De repente, o TGV renasceu sob a forma de uma linha de alta velocidade entre Lisboa e o Porto, a qual se estende at\u00e9 Vigo e uma linha entre Lisboa e Madrid que era por ser apenas para mercadorias, mas tamb\u00e9m ser\u00e1 para passageiros.<br \/><br \/><br \/><br \/><\/p>\r\n<p><img loading=\"lazy\" decoding=\"async\" class=\"size-medium wp-image-1127 alignright\" src=\"https:\/\/manuelpinhoconfined.com\/wp-content\/uploads\/2021\/04\/judice-300x135.png\" alt=\"\" width=\"300\" height=\"135\" srcset=\"https:\/\/manuelpinhoconfined.com\/wp-content\/uploads\/2021\/04\/judice-300x135.png 300w, https:\/\/manuelpinhoconfined.com\/wp-content\/uploads\/2021\/04\/judice-768x344.png 768w, https:\/\/manuelpinhoconfined.com\/wp-content\/uploads\/2021\/04\/judice.png 865w\" sizes=\"(max-width: 300px) 100vw, 300px\" \/>A raz\u00e3o para tudo isto \u00e9 muito simples. &#8220;<strong>O Estado portugu\u00eas (leia-se os pol\u00edticos portugueses) \u00e9 muito incompetente.<\/strong><\/p>\r\n<p><a href=\"https:\/\/expresso.pt\/podcasts\/as-causas-de-jose-miguel-judice\/2021-05-05-Jose-Miguel-Judice-O-Estado-portugues-e-muito-incompetente-nao-planeia-nao-preve-nao-antecipa-nao-organiza-8fa0bfb9\">https:\/\/expresso.pt\/podcasts\/as-causas-de-jose-miguel-judice\/2021-05-05-Jose-Miguel-Judice-O-Estado-portugues-e-muito-incompetente-nao-planeia-nao-preve-nao-antecipa-nao-organiza-8fa0bfb9<\/a><\/p>\r\n<p>&nbsp;<\/p>\r\n<p>No que respeita ao sector da energia a situa\u00e7\u00e3o \u00e9 diferente: auto- sufici\u00eancia, lideran\u00e7a nas energias renov\u00e1veis, tarifas mais baixa do que na m\u00e9dia da UE e empresas s\u00f3lidas.<\/p>\r\n<p><img loading=\"lazy\" decoding=\"async\" class=\"size-medium wp-image-1088 aligncenter\" src=\"https:\/\/manuelpinhoconfined.com\/wp-content\/uploads\/2021\/04\/sector-da-energia-300x179.png\" alt=\"\" width=\"300\" height=\"179\" srcset=\"https:\/\/manuelpinhoconfined.com\/wp-content\/uploads\/2021\/04\/sector-da-energia-300x179.png 300w, https:\/\/manuelpinhoconfined.com\/wp-content\/uploads\/2021\/04\/sector-da-energia-768x457.png 768w, https:\/\/manuelpinhoconfined.com\/wp-content\/uploads\/2021\/04\/sector-da-energia.png 788w\" sizes=\"(max-width: 300px) 100vw, 300px\" \/><\/p>\r\n<p>Em vez deste exemplo ser copiado, sucede o oposto: criam-se comiss\u00f5es de inqu\u00e9rito e persegue-se quem contribuiu para encontrar uma solu\u00e7\u00e3o para um problema que, \u00e0 partida, era muito dif\u00edcil de resolver, como est\u00e1 descrito em <strong>Confinado.<\/strong><\/p>\r\n\r\n<p>&nbsp;<\/p>\r\n<p>&nbsp;<\/p>","protected":false},"excerpt":{"rendered":"<p>Aqui vai o excerto do artigo. Apenas um par\u00e1grafo para resumir o conte\u00fado de que o artigo ir\u00e1 falar.<\/p>\n","protected":false},"author":1,"featured_media":0,"comment_status":"open","ping_status":"open","sticky":false,"template":"","format":"standard","meta":{"ocean_post_layout":"","ocean_both_sidebars_style":"","ocean_both_sidebars_content_width":0,"ocean_both_sidebars_sidebars_width":0,"ocean_sidebar":"0","ocean_second_sidebar":"0","ocean_disable_margins":"enable","ocean_add_body_class":"","ocean_shortcode_before_top_bar":"","ocean_shortcode_after_top_bar":"","ocean_shortcode_before_header":"","ocean_shortcode_after_header":"","ocean_has_shortcode":"","ocean_shortcode_after_title":"","ocean_shortcode_before_footer_widgets":"","ocean_shortcode_after_footer_widgets":"","ocean_shortcode_before_footer_bottom":"","ocean_shortcode_after_footer_bottom":"","ocean_display_top_bar":"default","ocean_display_header":"default","ocean_header_style":"","ocean_center_header_left_menu":"0","ocean_custom_header_template":"0","ocean_custom_logo":0,"ocean_custom_retina_logo":0,"ocean_custom_logo_max_width":0,"ocean_custom_logo_tablet_max_width":0,"ocean_custom_logo_mobile_max_width":0,"ocean_custom_logo_max_height":0,"ocean_custom_logo_tablet_max_height":0,"ocean_custom_logo_mobile_max_height":0,"ocean_header_custom_menu":"0","ocean_menu_typo_font_family":"0","ocean_menu_typo_font_subset":"","ocean_menu_typo_font_size":0,"ocean_menu_typo_font_size_tablet":0,"ocean_menu_typo_font_size_mobile":0,"ocean_menu_typo_font_size_unit":"px","ocean_menu_typo_font_weight":"","ocean_menu_typo_font_weight_tablet":"","ocean_menu_typo_font_weight_mobile":"","ocean_menu_typo_transform":"","ocean_menu_typo_transform_tablet":"","ocean_menu_typo_transform_mobile":"","ocean_menu_typo_line_height":0,"ocean_menu_typo_line_height_tablet":0,"ocean_menu_typo_line_height_mobile":0,"ocean_menu_typo_line_height_unit":"","ocean_menu_typo_spacing":0,"ocean_menu_typo_spacing_tablet":0,"ocean_menu_typo_spacing_mobile":0,"ocean_menu_typo_spacing_unit":"","ocean_menu_link_color":"","ocean_menu_link_color_hover":"","ocean_menu_link_color_active":"","ocean_menu_link_background":"","ocean_menu_link_hover_background":"","ocean_menu_link_active_background":"","ocean_menu_social_links_bg":"","ocean_menu_social_hover_links_bg":"","ocean_menu_social_links_color":"","ocean_menu_social_hover_links_color":"","ocean_disable_title":"default","ocean_disable_heading":"default","ocean_post_title":"","ocean_post_subheading":"","ocean_post_title_style":"","ocean_post_title_background_color":"","ocean_post_title_background":0,"ocean_post_title_bg_image_position":"","ocean_post_title_bg_image_attachment":"","ocean_post_title_bg_image_repeat":"","ocean_post_title_bg_image_size":"","ocean_post_title_height":0,"ocean_post_title_bg_overlay":0.5,"ocean_post_title_bg_overlay_color":"","ocean_disable_breadcrumbs":"default","ocean_breadcrumbs_color":"","ocean_breadcrumbs_separator_color":"","ocean_breadcrumbs_links_color":"","ocean_breadcrumbs_links_hover_color":"","ocean_display_footer_widgets":"default","ocean_display_footer_bottom":"default","ocean_custom_footer_template":"0","footnotes":"","ocean_post_oembed":"","ocean_post_self_hosted_media":"","ocean_post_video_embed":"","ocean_link_format":"","ocean_link_format_target":"self","ocean_quote_format":"","ocean_quote_format_link":"post","ocean_gallery_link_images":"off","ocean_gallery_id":[]},"categories":[1],"tags":[],"_links":{"self":[{"href":"https:\/\/manuelpinhoconfined.com\/pt-pt\/wp-json\/wp\/v2\/posts\/231"}],"collection":[{"href":"https:\/\/manuelpinhoconfined.com\/pt-pt\/wp-json\/wp\/v2\/posts"}],"about":[{"href":"https:\/\/manuelpinhoconfined.com\/pt-pt\/wp-json\/wp\/v2\/types\/post"}],"author":[{"embeddable":true,"href":"https:\/\/manuelpinhoconfined.com\/pt-pt\/wp-json\/wp\/v2\/users\/1"}],"replies":[{"embeddable":true,"href":"https:\/\/manuelpinhoconfined.com\/pt-pt\/wp-json\/wp\/v2\/comments?post=231"}],"version-history":[{"count":5,"href":"https:\/\/manuelpinhoconfined.com\/pt-pt\/wp-json\/wp\/v2\/posts\/231\/revisions"}],"predecessor-version":[{"id":1964,"href":"https:\/\/manuelpinhoconfined.com\/pt-pt\/wp-json\/wp\/v2\/posts\/231\/revisions\/1964"}],"wp:attachment":[{"href":"https:\/\/manuelpinhoconfined.com\/pt-pt\/wp-json\/wp\/v2\/media?parent=231"}],"wp:term":[{"taxonomy":"category","embeddable":true,"href":"https:\/\/manuelpinhoconfined.com\/pt-pt\/wp-json\/wp\/v2\/categories?post=231"},{"taxonomy":"post_tag","embeddable":true,"href":"https:\/\/manuelpinhoconfined.com\/pt-pt\/wp-json\/wp\/v2\/tags?post=231"}],"curies":[{"name":"wp","href":"https:\/\/api.w.org\/{rel}","templated":true}]}}