{"id":736,"date":"2021-04-27T14:51:48","date_gmt":"2021-04-27T14:51:48","guid":{"rendered":"https:\/\/manuelpinhoconfined.com\/?p=736"},"modified":"2021-08-01T20:04:07","modified_gmt":"2021-08-01T20:04:07","slug":"energias-renovaveis","status":"publish","type":"post","link":"https:\/\/manuelpinhoconfined.com\/pt-pt\/energias-renovaveis\/","title":{"rendered":"Energias renov\u00e1veis"},"content":{"rendered":"<p>&nbsp;<\/p>\n<p><img fetchpriority=\"high\" decoding=\"async\" class=\"size-full wp-image-1767 alignleft\" src=\"https:\/\/manuelpinhoconfined.com\/wp-content\/uploads\/2021\/04\/wind.jpg\" alt=\"\" width=\"282\" height=\"179\" \/><\/p>\n<p>Portugal \u00e9 visto como um l\u00edder mundial nas energias renov\u00e1veis.<\/p>\n<p>Neste website, encontrar\u00e1 testemunhos de personalidades internacionais sobre as energias renov\u00e1veis em Portugal.<\/p>\n<p>Trata-se de uma mat\u00e9ria extremamente importante porque sem um fort\u00edssimo investimento energias renov\u00e1veis \u00e9 materialmente imposs\u00edvel evitar o aquecimento global do planeta, cujas consequ\u00eancias s\u00e3o potencialmente catastr\u00f3ficas.<\/p>\n<p>A aposta portuguesa nas energias renov\u00e1veis teve as seguintes caracter\u00edsticas:<\/p>\n<ul>\n<li>Apostar na combina\u00e7\u00e3o e\u00f3lico- h\u00eddrico, dada a sua complementaridade e o potencial por explorar.<\/li>\n<li>Dado o seu elevado custo na altura, deixar de lado o solar, ao contr\u00e1rio do que sucedeu em Espanha e na Alemanha, por exemplo.<\/li>\n<li>Lan\u00e7ar concursos internacionais abertos \u00e0 concorr\u00eancia para produ\u00e7\u00e3o de energia e\u00f3lica e h\u00eddrica, o que na altura foi considerado inovador.<\/li>\n<li>Atribuir, ao mesmo tempo, licen\u00e7as para produ\u00e7\u00e3o de eletricidade a partir do g\u00e1s,, deixando \u00e0s empresas escolher a sua tecnologia preferida.<\/li>\n<\/ul>\n<p><img decoding=\"async\" class=\"size-medium wp-image-1764 alignleft\" src=\"https:\/\/manuelpinhoconfined.com\/wp-content\/uploads\/2021\/04\/frases-de-hipocrisia-300x225.jpg\" alt=\"\" width=\"300\" height=\"225\" srcset=\"https:\/\/manuelpinhoconfined.com\/wp-content\/uploads\/2021\/04\/frases-de-hipocrisia-300x225.jpg 300w, https:\/\/manuelpinhoconfined.com\/wp-content\/uploads\/2021\/04\/frases-de-hipocrisia.jpg 400w\" sizes=\"(max-width: 300px) 100vw, 300px\" \/>Deixando-nos de hipocrisias, cumpre reconhecer que a opini\u00e3o da grande maioria dos pol\u00edticos portugueses sobre as energias renov\u00e1veis em Portugal \u00e9 negativa ou, pelo menos, muito reservada.<\/p>\n<p>Em Portugal, tratam as energias renov\u00e1veis como um monstro, um peso para os consumidores, fonte de rendas excessivas e lucros fara\u00f4nicos, principal raz\u00e3o para as tarifas de eletricidade serem t\u00e3o altas, etc.<\/p>\n<p>Em contraste, no estrangeiro os mesmos pol\u00edticos n\u00e3o param de se vangloriar com os resultados alcan\u00e7ados por Portugal.<\/p>\n<p>&nbsp;<\/p>\n<p><a href=\"https:\/\/www.theguardian.com\/commentisfree\/2010\/sep\/19\/portugal-renewable-energy\">https:\/\/www.theguardian.com\/commentisfree\/2010\/sep\/19\/portugal-renewable-energy<\/a><\/p>\n<p>&nbsp;<\/p>\n<p><a href=\"https:\/\/www.theguardian.com\/environment\/2016\/may\/18\/portugal-runs-for-four-days-straight-on-renewable-energy-alone\">https:\/\/www.theguardian.com\/environment\/2016\/may\/18\/portugal-runs-for-four-days-straight-on-renewable-energy-alone<\/a><\/p>\n<p>&nbsp;<\/p>\n<p><a href=\"https:\/\/www.ft.com\/content\/a214ee6a-0155-11de-8f6e-000077b07658\">https:\/\/www.ft.com\/content\/a214ee6a-0155-11de-8f6e-000077b07658<\/a><\/p>\n<p>&nbsp;<\/p>\n<p><a href=\"https:\/\/www.nytimes.com\/2010\/08\/10\/science\/earth\/10portugal.html\">https:\/\/www.nytimes.com\/2010\/08\/10\/science\/earth\/10portugal.html<\/a><\/p>\n<p>&nbsp;<\/p>\n<p><a href=\"https:\/\/www.lemondedelenergie.com\/portugal-champion-mondial-energies-renouvelables\/2019\/09\/11\/\">https:\/\/www.lemondedelenergie.com\/portugal-champion-mondial-energies-renouvelables\/2019\/09\/11\/<\/a><\/p>\n<p>&nbsp;<\/p>\n<p><a href=\"https:\/\/www.lemonde.fr\/energies\/article\/2018\/08\/30\/au-portugal-l-electricite-est-plus-verte_5348072_1653054.html\">https:\/\/www.lemonde.fr\/energies\/article\/2018\/08\/30\/au-portugal-l-electricite-est-plus-verte_5348072_1653054.html<\/a><\/p>\n<p>&nbsp;<\/p>\n","protected":false},"excerpt":{"rendered":"<p>&nbsp; Portugal \u00e9 visto como um l\u00edder mundial nas energias renov\u00e1veis. Neste website, encontrar\u00e1 testemunhos de personalidades internacionais sobre as energias renov\u00e1veis em Portugal. Trata-se de uma mat\u00e9ria extremamente importante porque sem um fort\u00edssimo investimento energias renov\u00e1veis \u00e9 materialmente imposs\u00edvel evitar o aquecimento global do planeta, cujas consequ\u00eancias s\u00e3o potencialmente catastr\u00f3ficas. A aposta portuguesa nas [&hellip;]<\/p>\n","protected":false},"author":1,"featured_media":0,"comment_status":"open","ping_status":"open","sticky":false,"template":"","format":"standard","meta":{"ocean_post_layout":"","ocean_both_sidebars_style":"","ocean_both_sidebars_content_width":0,"ocean_both_sidebars_sidebars_width":0,"ocean_sidebar":"0","ocean_second_sidebar":"0","ocean_disable_margins":"enable","ocean_add_body_class":"","ocean_shortcode_before_top_bar":"","ocean_shortcode_after_top_bar":"","ocean_shortcode_before_header":"","ocean_shortcode_after_header":"","ocean_has_shortcode":"","ocean_shortcode_after_title":"","ocean_shortcode_before_footer_widgets":"","ocean_shortcode_after_footer_widgets":"","ocean_shortcode_before_footer_bottom":"","ocean_shortcode_after_footer_bottom":"","ocean_display_top_bar":"default","ocean_display_header":"default","ocean_header_style":"","ocean_center_header_left_menu":"0","ocean_custom_header_template":"0","ocean_custom_logo":0,"ocean_custom_retina_logo":0,"ocean_custom_logo_max_width":0,"ocean_custom_logo_tablet_max_width":0,"ocean_custom_logo_mobile_max_width":0,"ocean_custom_logo_max_height":0,"ocean_custom_logo_tablet_max_height":0,"ocean_custom_logo_mobile_max_height":0,"ocean_header_custom_menu":"0","ocean_menu_typo_font_family":"0","ocean_menu_typo_font_subset":"","ocean_menu_typo_font_size":0,"ocean_menu_typo_font_size_tablet":0,"ocean_menu_typo_font_size_mobile":0,"ocean_menu_typo_font_size_unit":"px","ocean_menu_typo_font_weight":"","ocean_menu_typo_font_weight_tablet":"","ocean_menu_typo_font_weight_mobile":"","ocean_menu_typo_transform":"","ocean_menu_typo_transform_tablet":"","ocean_menu_typo_transform_mobile":"","ocean_menu_typo_line_height":0,"ocean_menu_typo_line_height_tablet":0,"ocean_menu_typo_line_height_mobile":0,"ocean_menu_typo_line_height_unit":"","ocean_menu_typo_spacing":0,"ocean_menu_typo_spacing_tablet":0,"ocean_menu_typo_spacing_mobile":0,"ocean_menu_typo_spacing_unit":"","ocean_menu_link_color":"","ocean_menu_link_color_hover":"","ocean_menu_link_color_active":"","ocean_menu_link_background":"","ocean_menu_link_hover_background":"","ocean_menu_link_active_background":"","ocean_menu_social_links_bg":"","ocean_menu_social_hover_links_bg":"","ocean_menu_social_links_color":"","ocean_menu_social_hover_links_color":"","ocean_disable_title":"default","ocean_disable_heading":"default","ocean_post_title":"","ocean_post_subheading":"","ocean_post_title_style":"","ocean_post_title_background_color":"","ocean_post_title_background":0,"ocean_post_title_bg_image_position":"","ocean_post_title_bg_image_attachment":"","ocean_post_title_bg_image_repeat":"","ocean_post_title_bg_image_size":"","ocean_post_title_height":0,"ocean_post_title_bg_overlay":0.5,"ocean_post_title_bg_overlay_color":"","ocean_disable_breadcrumbs":"default","ocean_breadcrumbs_color":"","ocean_breadcrumbs_separator_color":"","ocean_breadcrumbs_links_color":"","ocean_breadcrumbs_links_hover_color":"","ocean_display_footer_widgets":"default","ocean_display_footer_bottom":"default","ocean_custom_footer_template":"0","footnotes":"","ocean_post_oembed":"","ocean_post_self_hosted_media":"","ocean_post_video_embed":"","ocean_link_format":"","ocean_link_format_target":"self","ocean_quote_format":"","ocean_quote_format_link":"post","ocean_gallery_link_images":"off","ocean_gallery_id":[]},"categories":[12],"tags":[],"_links":{"self":[{"href":"https:\/\/manuelpinhoconfined.com\/pt-pt\/wp-json\/wp\/v2\/posts\/736"}],"collection":[{"href":"https:\/\/manuelpinhoconfined.com\/pt-pt\/wp-json\/wp\/v2\/posts"}],"about":[{"href":"https:\/\/manuelpinhoconfined.com\/pt-pt\/wp-json\/wp\/v2\/types\/post"}],"author":[{"embeddable":true,"href":"https:\/\/manuelpinhoconfined.com\/pt-pt\/wp-json\/wp\/v2\/users\/1"}],"replies":[{"embeddable":true,"href":"https:\/\/manuelpinhoconfined.com\/pt-pt\/wp-json\/wp\/v2\/comments?post=736"}],"version-history":[{"count":5,"href":"https:\/\/manuelpinhoconfined.com\/pt-pt\/wp-json\/wp\/v2\/posts\/736\/revisions"}],"predecessor-version":[{"id":1884,"href":"https:\/\/manuelpinhoconfined.com\/pt-pt\/wp-json\/wp\/v2\/posts\/736\/revisions\/1884"}],"wp:attachment":[{"href":"https:\/\/manuelpinhoconfined.com\/pt-pt\/wp-json\/wp\/v2\/media?parent=736"}],"wp:term":[{"taxonomy":"category","embeddable":true,"href":"https:\/\/manuelpinhoconfined.com\/pt-pt\/wp-json\/wp\/v2\/categories?post=736"},{"taxonomy":"post_tag","embeddable":true,"href":"https:\/\/manuelpinhoconfined.com\/pt-pt\/wp-json\/wp\/v2\/tags?post=736"}],"curies":[{"name":"wp","href":"https:\/\/api.w.org\/{rel}","templated":true}]}}